{"id":8975,"date":"2023-08-22T12:50:57","date_gmt":"2023-08-22T12:50:57","guid":{"rendered":"https:\/\/www.ags-demenagement.com\/outre-mer\/?p=8975"},"modified":"2023-08-22T13:30:39","modified_gmt":"2023-08-22T13:30:39","slug":"cout-de-demenagement-vers-depuis-les-dom-tom","status":"publish","type":"post","link":"https:\/\/www.ags-demenagement.com\/outre-mer\/cout-de-demenagement-vers-depuis-les-dom-tom\/","title":{"rendered":"Vous souhaitez estimer le co\u00fbt de votre d\u00e9m\u00e9nagement vers ou depuis les DOM\/TOM ? Suivez-nous, AGS vous explique tout !!"},"content":{"rendered":"<p>[et_pb_section fb_built=\u00a0\u00bb1&Prime; _builder_version=\u00a0\u00bb4.19.4&Prime; _module_preset=\u00a0\u00bbdefault\u00a0\u00bb custom_padding=\u00a0\u00bb0px||6px|||\u00a0\u00bb global_colors_info=\u00a0\u00bb{}\u00a0\u00bb][et_pb_row _builder_version=\u00a0\u00bb4.19.4&Prime; _module_preset=\u00a0\u00bbdefault\u00a0\u00bb custom_padding=\u00a0\u00bb0px||2px|||\u00a0\u00bb global_colors_info=\u00a0\u00bb{}\u00a0\u00bb][et_pb_column type=\u00a0\u00bb4_4&Prime; _builder_version=\u00a0\u00bb4.19.4&Prime; _module_preset=\u00a0\u00bbdefault\u00a0\u00bb global_colors_info=\u00a0\u00bb{}\u00a0\u00bb][et_pb_text _builder_version=\u00a0\u00bb4.22.0&Prime; _module_preset=\u00a0\u00bbdefault\u00a0\u00bb text_font=\u00a0\u00bb|700|||||||\u00a0\u00bb text_text_color=\u00a0\u00bb#000000&Prime; header_2_text_align=\u00a0\u00bbjustify\u00a0\u00bb header_2_text_color=\u00a0\u00bb#000000&Prime; header_2_line_height=\u00a0\u00bb1.1em\u00a0\u00bb text_orientation=\u00a0\u00bbjustified\u00a0\u00bb custom_margin=\u00a0\u00bb22px||19px||false|false\u00a0\u00bb global_colors_info=\u00a0\u00bb{}\u00a0\u00bb]<\/p>\n<p><strong>D\u00e9m\u00e9nager vers ou depuis les DOM-TOM n\u00e9cessite de bien anticiper certains frais suppl\u00e9mentaires par rapport \u00e0 un d\u00e9m\u00e9nagement dans l\u2019Hexagone. Suivez le guide pour \u00e9viter toute mauvaise surprise de derni\u00e8re minute ! <\/strong><\/p>\n<p>[\/et_pb_text][et_pb_text _builder_version=\u00a0\u00bb4.22.0&Prime; _module_preset=\u00a0\u00bbdefault\u00a0\u00bb text_text_color=\u00a0\u00bb#000000&Prime; header_2_font=\u00a0\u00bb|700|||||||\u00a0\u00bb header_2_text_color=\u00a0\u00bbgcid-463f853a-2978-47cc-a55b-21f6c32b018f\u00a0\u00bb text_orientation=\u00a0\u00bbjustified\u00a0\u00bb custom_margin=\u00a0\u00bb||-4px||false|false\u00a0\u00bb hover_enabled=\u00a0\u00bb0&Prime; custom_css_main_element=\u00a0\u00bbpadding-bottom:0px;\u00a0\u00bb global_colors_info=\u00a0\u00bb{%22gcid-463f853a-2978-47cc-a55b-21f6c32b018f%22:%91%22header_2_text_color%22%93}\u00a0\u00bb sticky_enabled=\u00a0\u00bb0&Prime;]<span>Vous avez obtenu une mutation vers les DOM-TOM ou vous souhaitez vous y installer\u00a0? Il est l\u2019heure d\u2019anticiper votre d\u00e9part. Un d\u00e9m\u00e9nagement dans les \u00eeles d\u2019outre-mer ne s\u2019improvise pas. Mieux vaut se tourner vers une entreprise sp\u00e9cialis\u00e9e pour vous aider dans l\u2019emballage de vos effets personnels ainsi que dans les d\u00e9marches de transport, de douanes ou les formalit\u00e9s administratives. <\/span><\/p>\n<p>&nbsp;<\/p>\n<h2 class=\"bpost\">Lors de l\u2019\u00e9tablissement du devis de vos biens<\/h2>\n<p><span>Afin d\u2019\u00e9tablir un devis pr\u00e9cis de vos besoins, il est n\u00e9cessaire d\u2019\u00e9valuer le volume total de vos effets. V\u00e9hicules, effets personnels, mobilier, \u00e0 vous de d\u00e9terminer ce que vous emportez avec vous ou pas. N&rsquo;oubliez pas d\u2019\u00e9valuer leur valeur. Nous vous recommandons notre assurance. \u00c0 vous de bien valoriser, chiffrer et d\u00e9tailler la valeur de vos biens afin que l\u2019assurance vous revienne au bon prix. <\/span><\/p>\n<p><span>M\u00e9fiez-vous\u00a0: lors de l\u2019\u00e9tablissement du devis, vous ne saurez peut-\u00eatre pas encore si vous embarquerez avec vous tel ou tel meuble. Des frais suppl\u00e9mentaires seront appliqu\u00e9s si l\u2019estimation du devis et la r\u00e9alit\u00e9 en termes de m<sup style=\"font-size: x-small;\">3<\/sup> sont diff\u00e9rentes. Si finalement vous d\u00e9cidez de ne pas emporter certains de vos effets, vous pouvez nous demander de les mettre en d\u00e9chetterie pour vous. Mais l\u00e0 encore, cette prestation vous sera factur\u00e9e. <\/span><\/p>\n<p><span>Lors de l\u2019\u00e9tablissement du devis, nous vous proposons deux formules\u00a0: la prestation standard avec un tarif attractif et la prestation compl\u00e8te au cours de laquelle les \u00e9quipes s\u2019occupent de tout. Selon le volume, le tarif va varier. Attention \u00e9galement aux meubles non d\u00e9montables qui prendront de la place dans le conteneur et feront grimper le volume factur\u00e9. <\/span><\/p>\n<p><span>De m\u00eame, en termes de transport, la facturation ne sera pas la m\u00eame si vous optez pour une <a href=\"https:\/\/www.ags-demenagement.com\/outre-mer\/nos-services\/\">solution de groupage<\/a> <\/span><span>(envoi group\u00e9 \u00e0 des dates plus flexibles) ou pour une offre personnalis\u00e9e (\u00e0 privil\u00e9gier si vous \u00eates contraint en termes de dates). <\/span><\/p>\n<p><span>Le devis \u00e9tabli par nos soins est valable trois mois. Si vous prenez plus de temps pour vous d\u00e9cider, le prix annonc\u00e9 pourra varier en fonction des \u00e9v\u00e9nements contextuels (crise maritime, p\u00e9nurie de conteneurs, etc.). <\/span><\/p>\n<p>&nbsp;<\/p>\n<h2 class=\"bpost\"><span>Les frais administratifs n\u00e9cessaires au d\u00e9m\u00e9nagement<\/span><\/h2>\n<p><span>Lorsqu\u2019un client part en outre-mer, il arrive fr\u00e9quemment qu\u2019il ne poss\u00e8de pas encore une adresse pr\u00e9cise \u00e0 destination lors de la r\u00e9alisation du devis. Nous pr\u00e9ciserons donc la mention<\/span> <span>\u00ab sous r\u00e9serve d\u2019accessibilit\u00e9 \u00bb sur le devis. Si votre nouveau logement n\u00e9cessite l\u2019utilisation d\u2019une navette pour p\u00e9n\u00e9trer dans une rue \u00e9troite, s\u2019il se trouve en \u00e9tage sans ascenseur ou si nous devons utiliser un monte-meuble, l\u2019entreprise vous facturera des frais suppl\u00e9mentaires. <\/span><\/p>\n<p><span>En amont de votre d\u00e9m\u00e9nagement, nous vous demanderons un certificat de changement de r\u00e9sidence dans le cadre de votre d\u00e9m\u00e9nagement. Ce document permet de vous exon\u00e9rer des taxes douani\u00e8res appel\u00e9es octroi de mer. Si vous avez obtenu un ordre de mutation de votre entreprise, l\u2019exon\u00e9ration de taxes vaut \u00e9galement. <\/span><\/p>\n<p><span>En fonction de la localisation de votre habitation de d\u00e9part, nous devrons obtenir une demande d\u2019autorisation de stationnement aupr\u00e8s de la mairie et r\u00e9percutera son prix sur votre devis. \u00c9vitez si possible les d\u00e9m\u00e9nagements le week-end, car cette temporalit\u00e9 vous sera factur\u00e9e. <\/span><\/p>\n<p>&nbsp;<\/p>\n<h2 class=\"bpost\"><span>V\u00e9hicules et emballages<\/span><\/h2>\n<p><span>Vous souhaitez emporter votre v\u00e9hicule dans les <a href=\"https:\/\/www.ags-demenagement.com\/outre-mer\/\">DOM-TOM<\/a><\/span><span>\u00a0pour \u00e9viter d\u2019en racheter un sur place ? Bonne id\u00e9e. Attention n\u00e9anmoins : seules les voitures de particuliers sont comprises dans le changement de r\u00e9sidence principale, contrairement aux utilitaires qui seront tax\u00e9s en douanes. <\/span><\/p>\n<p><span>Si la date de votre emm\u00e9nagement est d\u00e9cal\u00e9e, nous pouvons stocker vos effets personnels et votre v\u00e9hicule. Mais ce stockage sera payant s\u2019il n\u2019\u00e9tait pas pr\u00e9vu lors du devis. <\/span><\/p>\n<p><span>Nos \u00e9quipes effectuent la livraison et le d\u00e9ballage de vos effets dans les pi\u00e8ces de votre choix. En fin de journ\u00e9e, elles r\u00e9cup\u00e8rent les emballages afin de les recycler, car AGS est une entreprise vertueuse.\u00a0Si jamais vous avez besoin de temps pour d\u00e9baller certains cartons, leur destruction sera \u00e0 votre charge. Vous pourrez demander \u00e0 AGS de venir les r\u00e9cup\u00e9rer a posteriori, mais celle-ci est une prestation suppl\u00e9mentaire. <\/span><\/p>\n<p><strong><span>Pour tout projet de d\u00e9m\u00e9nagement, les \u00e9quipes d\u2019AGS sont \u00e0 votre disposition pour r\u00e9pondre \u00e0 vos questions et vous conseiller dans vos d\u00e9marches<\/span><\/strong><\/p>\n<p><strong><a href=\"https:\/\/www.ags-demenagement.com\/outre-mer\/devis-demenagement\/\">Contactez-nous pour un devis d\u00e8s aujourd&rsquo;hui<\/a><\/strong>.<\/p>\n<p>&nbsp;<\/p>\n<p>&nbsp;[\/et_pb_text][\/et_pb_column][\/et_pb_row][\/et_pb_section]<\/p>\n","protected":false},"excerpt":{"rendered":"<p>D\u00e9m\u00e9nager vers ou depuis les DOM-TOM n\u00e9cessite de bien anticiper certains frais suppl\u00e9mentaires par rapport \u00e0 un d\u00e9m\u00e9nagement dans l\u2019Hexagone. Suivez le guide pour \u00e9viter toute mauvaise surprise de derni\u00e8re minute ! <\/p>\n","protected":false},"author":6,"featured_media":8974,"comment_status":"closed","ping_status":"open","sticky":false,"template":"","format":"standard","meta":{"_et_pb_use_builder":"on","_et_pb_old_content":"","_et_gb_content_width":"1080","footnotes":"","wds_primary_category":26},"categories":[26],"tags":[],"_links":{"self":[{"href":"https:\/\/www.ags-demenagement.com\/outre-mer\/wp-json\/wp\/v2\/posts\/8975"}],"collection":[{"href":"https:\/\/www.ags-demenagement.com\/outre-mer\/wp-json\/wp\/v2\/posts"}],"about":[{"href":"https:\/\/www.ags-demenagement.com\/outre-mer\/wp-json\/wp\/v2\/types\/post"}],"author":[{"embeddable":true,"href":"https:\/\/www.ags-demenagement.com\/outre-mer\/wp-json\/wp\/v2\/users\/6"}],"replies":[{"embeddable":true,"href":"https:\/\/www.ags-demenagement.com\/outre-mer\/wp-json\/wp\/v2\/comments?post=8975"}],"version-history":[{"count":6,"href":"https:\/\/www.ags-demenagement.com\/outre-mer\/wp-json\/wp\/v2\/posts\/8975\/revisions"}],"predecessor-version":[{"id":8983,"href":"https:\/\/www.ags-demenagement.com\/outre-mer\/wp-json\/wp\/v2\/posts\/8975\/revisions\/8983"}],"wp:featuredmedia":[{"embeddable":true,"href":"https:\/\/www.ags-demenagement.com\/outre-mer\/wp-json\/wp\/v2\/media\/8974"}],"wp:attachment":[{"href":"https:\/\/www.ags-demenagement.com\/outre-mer\/wp-json\/wp\/v2\/media?parent=8975"}],"wp:term":[{"taxonomy":"category","embeddable":true,"href":"https:\/\/www.ags-demenagement.com\/outre-mer\/wp-json\/wp\/v2\/categories?post=8975"},{"taxonomy":"post_tag","embeddable":true,"href":"https:\/\/www.ags-demenagement.com\/outre-mer\/wp-json\/wp\/v2\/tags?post=8975"}],"curies":[{"name":"wp","href":"https:\/\/api.w.org\/{rel}","templated":true}]}}